{"id":9639,"date":"2026-02-20T14:22:16","date_gmt":"2026-02-20T11:22:16","guid":{"rendered":"https:\/\/kocaelisaglik.edu.tr\/saglik\/?p=9639"},"modified":"2026-02-20T14:22:16","modified_gmt":"2026-02-20T11:22:16","slug":"mezun-ogrencilerimizle-kahvalti-etkinliginde-bir-araya-geldik","status":"publish","type":"post","link":"https:\/\/kocaelisaglik.edu.tr\/saglik\/etkinlikler\/mezun-ogrencilerimizle-kahvalti-etkinliginde-bir-araya-geldik\/","title":{"rendered":"Mezun \u00d6\u011frencilerimizle Kahvalt\u0131 Etkinli\u011finde Bir Araya Geldik"},"content":{"rendered":"<div class=\"wpb-content-wrapper\"><p>[vc_row][vc_column][vc_column_text]&#8221;Sa\u011fl\u0131k Bilimleri Fak\u00fcltesi, mezun \u00f6\u011frencileriyle kahvalt\u0131 etkinli\u011finde bir araya geldi. Mezunlar\u0131n g\u00fcncel \u00e7al\u0131\u015fma alanlar\u0131, kariyer s\u00fcre\u00e7leri ve mesleki deneyimlerinin payla\u015f\u0131lmas\u0131n\u0131n ama\u00e7land\u0131\u011f\u0131 bulu\u015fmaya fak\u00fcltenin t\u00fcm akademik kadrosu da kat\u0131l\u0131m sa\u011flad\u0131. Ger\u00e7ekle\u015fen etkinlikte mezunlar\u0131n g\u00f6r\u00fc\u015f ve \u00f6nerileri dinlenirken, mezun\u2013fak\u00fclte ba\u011flar\u0131n\u0131n g\u00fc\u00e7lendirilmesine y\u00f6nelik de\u011ferlendirmelerde bulunuldu.&#8221;[\/vc_column_text][\/vc_column][\/vc_row][vc_row][vc_column width=&#8221;1\/6&#8243;][\/vc_column][vc_column width=&#8221;2\/3&#8243;][vc_single_image image=&#8221;9640&#8243; img_size=&#8221;full&#8221; alignment=&#8221;center&#8221;][\/vc_column][vc_column width=&#8221;1\/6&#8243;][\/vc_column][\/vc_row]<\/p>\n<\/div>","protected":false},"excerpt":{"rendered":"<p>[vc_row][vc_column][vc_column_text]&#8221;Sa\u011fl\u0131k Bilimleri Fak\u00fcltesi, mezun \u00f6\u011frencileriyle kahvalt\u0131 etkinli\u011finde bir araya geldi. Mezunlar\u0131n g\u00fcncel \u00e7al\u0131\u015fma alanlar\u0131, kariyer s\u00fcre\u00e7leri ve mesleki deneyimlerinin payla\u015f\u0131lmas\u0131n\u0131n ama\u00e7land\u0131\u011f\u0131 bulu\u015fmaya fak\u00fcltenin t\u00fcm akademik kadrosu da kat\u0131l\u0131m sa\u011flad\u0131. Ger\u00e7ekle\u015fen etkinlikte mezunlar\u0131n g\u00f6r\u00fc\u015f ve \u00f6nerileri dinlenirken, mezun\u2013fak\u00fclte ba\u011flar\u0131n\u0131n g\u00fc\u00e7lendirilmesine y\u00f6nelik &hellip; <\/p>\n","protected":false},"author":12,"featured_media":9642,"comment_status":"closed","ping_status":"closed","sticky":false,"template":"","format":"standard","meta":{"footnotes":""},"categories":[58],"tags":[],"_links":{"self":[{"href":"https:\/\/kocaelisaglik.edu.tr\/saglik\/wp-json\/wp\/v2\/posts\/9639"}],"collection":[{"href":"https:\/\/kocaelisaglik.edu.tr\/saglik\/wp-json\/wp\/v2\/posts"}],"about":[{"href":"https:\/\/kocaelisaglik.edu.tr\/saglik\/wp-json\/wp\/v2\/types\/post"}],"author":[{"embeddable":true,"href":"https:\/\/kocaelisaglik.edu.tr\/saglik\/wp-json\/wp\/v2\/users\/12"}],"replies":[{"embeddable":true,"href":"https:\/\/kocaelisaglik.edu.tr\/saglik\/wp-json\/wp\/v2\/comments?post=9639"}],"version-history":[{"count":1,"href":"https:\/\/kocaelisaglik.edu.tr\/saglik\/wp-json\/wp\/v2\/posts\/9639\/revisions"}],"predecessor-version":[{"id":9643,"href":"https:\/\/kocaelisaglik.edu.tr\/saglik\/wp-json\/wp\/v2\/posts\/9639\/revisions\/9643"}],"wp:featuredmedia":[{"embeddable":true,"href":"https:\/\/kocaelisaglik.edu.tr\/saglik\/wp-json\/wp\/v2\/media\/9642"}],"wp:attachment":[{"href":"https:\/\/kocaelisaglik.edu.tr\/saglik\/wp-json\/wp\/v2\/media?parent=9639"}],"wp:term":[{"taxonomy":"category","embeddable":true,"href":"https:\/\/kocaelisaglik.edu.tr\/saglik\/wp-json\/wp\/v2\/categories?post=9639"},{"taxonomy":"post_tag","embeddable":true,"href":"https:\/\/kocaelisaglik.edu.tr\/saglik\/wp-json\/wp\/v2\/tags?post=9639"}],"curies":[{"name":"wp","href":"https:\/\/api.w.org\/{rel}","templated":true}]}}