{"id":9239,"date":"2025-03-24T16:53:00","date_gmt":"2025-03-24T13:53:00","guid":{"rendered":"https:\/\/kocaelisaglik.edu.tr\/saglik\/?p=9239"},"modified":"2025-11-24T13:15:11","modified_gmt":"2025-11-24T10:15:11","slug":"kocaeli-huzurevi-ziyareti","status":"publish","type":"post","link":"https:\/\/kocaelisaglik.edu.tr\/saglik\/etkinlikler\/kocaeli-huzurevi-ziyareti\/","title":{"rendered":"Kocaeli Huzurevi Ziyareti"},"content":{"rendered":"<p>Ya\u015fl\u0131lara Sayg\u0131 Haftas\u0131 Kapsam\u0131nda Kocaeli Huzurevi Ziyareti Ger\u00e7ekle\u015ftirildi<\/p>\n<p>Kocaeli Sa\u011fl\u0131k ve Teknoloji \u00dcniversitesi Fizyoterapi ve Rehabilitasyon Kul\u00fcb\u00fc (FTR Kul\u00fcb\u00fc) taraf\u0131ndan, 18\u201324 Mart Ya\u015fl\u0131lara Sayg\u0131 Haftas\u0131 etkinlikleri kapsam\u0131nda Kocaeli Huzurevi\u2019ne anlaml\u0131 bir ziyaret ger\u00e7ekle\u015ftirildi.<\/p>\n<p>Etkinlikte \u00f6\u011frencilerimiz, huzurevi sakinleriyle bir araya gelerek keyifli sohbetler etti, \u00e7e\u015fitli oyunlar oynad\u0131 ve g\u00fcn boyunca birlikte g\u00fczel vakit ge\u00e7irdi.<br \/>\nBu bulu\u015fma, gen\u00e7lerimiz ve ya\u015fl\u0131lar\u0131m\u0131z aras\u0131nda s\u0131cak bir ba\u011f kurulmas\u0131na, ku\u015faklar aras\u0131 ileti\u015fimin g\u00fc\u00e7lenmesine katk\u0131 sa\u011flad\u0131.<\/p>\n<p>Toplumun her kesimine dokunan, insana de\u011fer veren bir e\u011fitim anlay\u0131\u015f\u0131yla d\u00fczenlenen bu etkinlikte, \u00f6\u011frencilerimiz hem sosyal sorumluluk bilincini peki\u015ftirdi hem de ya\u015fl\u0131 bireylerle empati kurma f\u0131rsat\u0131 buldu.<\/p>\n","protected":false},"excerpt":{"rendered":"<p>Ya\u015fl\u0131lara Sayg\u0131 Haftas\u0131 Kapsam\u0131nda Kocaeli Huzurevi Ziyareti Ger\u00e7ekle\u015ftirildi Kocaeli Sa\u011fl\u0131k ve Teknoloji \u00dcniversitesi Fizyoterapi ve Rehabilitasyon Kul\u00fcb\u00fc (FTR Kul\u00fcb\u00fc) taraf\u0131ndan, 18\u201324 Mart Ya\u015fl\u0131lara Sayg\u0131 Haftas\u0131 etkinlikleri kapsam\u0131nda Kocaeli Huzurevi\u2019ne anlaml\u0131 bir ziyaret ger\u00e7ekle\u015ftirildi. Etkinlikte \u00f6\u011frencilerimiz, huzurevi sakinleriyle bir araya gelerek &hellip; <\/p>\n","protected":false},"author":12,"featured_media":9240,"comment_status":"closed","ping_status":"closed","sticky":false,"template":"","format":"standard","meta":{"footnotes":""},"categories":[58,102],"tags":[],"_links":{"self":[{"href":"https:\/\/kocaelisaglik.edu.tr\/saglik\/wp-json\/wp\/v2\/posts\/9239"}],"collection":[{"href":"https:\/\/kocaelisaglik.edu.tr\/saglik\/wp-json\/wp\/v2\/posts"}],"about":[{"href":"https:\/\/kocaelisaglik.edu.tr\/saglik\/wp-json\/wp\/v2\/types\/post"}],"author":[{"embeddable":true,"href":"https:\/\/kocaelisaglik.edu.tr\/saglik\/wp-json\/wp\/v2\/users\/12"}],"replies":[{"embeddable":true,"href":"https:\/\/kocaelisaglik.edu.tr\/saglik\/wp-json\/wp\/v2\/comments?post=9239"}],"version-history":[{"count":1,"href":"https:\/\/kocaelisaglik.edu.tr\/saglik\/wp-json\/wp\/v2\/posts\/9239\/revisions"}],"predecessor-version":[{"id":9241,"href":"https:\/\/kocaelisaglik.edu.tr\/saglik\/wp-json\/wp\/v2\/posts\/9239\/revisions\/9241"}],"wp:featuredmedia":[{"embeddable":true,"href":"https:\/\/kocaelisaglik.edu.tr\/saglik\/wp-json\/wp\/v2\/media\/9240"}],"wp:attachment":[{"href":"https:\/\/kocaelisaglik.edu.tr\/saglik\/wp-json\/wp\/v2\/media?parent=9239"}],"wp:term":[{"taxonomy":"category","embeddable":true,"href":"https:\/\/kocaelisaglik.edu.tr\/saglik\/wp-json\/wp\/v2\/categories?post=9239"},{"taxonomy":"post_tag","embeddable":true,"href":"https:\/\/kocaelisaglik.edu.tr\/saglik\/wp-json\/wp\/v2\/tags?post=9239"}],"curies":[{"name":"wp","href":"https:\/\/api.w.org\/{rel}","templated":true}]}}