{"id":9839,"date":"2025-05-20T22:33:39","date_gmt":"2025-05-20T19:33:39","guid":{"rendered":"https:\/\/kocaelisaglik.edu.tr\/muhendislik\/?p=9839"},"modified":"2025-05-20T22:33:40","modified_gmt":"2025-05-20T19:33:40","slug":"girisimcilik-ve-inovasyon-calistayina-katilim-sagladik","status":"publish","type":"post","link":"https:\/\/kocaelisaglik.edu.tr\/muhendislik\/etkinlikler\/girisimcilik-ve-inovasyon-calistayina-katilim-sagladik\/","title":{"rendered":"Giri\u015fimcilik ve \u0130novasyon \u00c7al\u0131\u015ftay\u0131na Kat\u0131l\u0131m Sa\u011flad\u0131k."},"content":{"rendered":"\n<p>Kentimizin giri\u015fimcilik ve inovasyon kapasitesini art\u0131rmak amac\u0131yla kurulmas\u0131 planlanan &#8220;Giri\u015fimcilik ve \u0130novasyon Merkezi&#8221; i\u00e7in kapsaml\u0131 bir fizibilite \u00e7al\u0131\u015fmas\u0131 y\u00fcr\u00fct\u00fclmesi amac\u0131yla 20 May\u0131s 2025 Sal\u0131 g\u00fcn\u00fc, 09.30 \u2013 17.00 saatleri aras\u0131nda Kocaeli Kongre Merkezi\u2019nde Giri\u015fimcilik ve \u0130novasyon \u00e7al\u0131\u015ftay\u0131 d\u00fczenlendi.<\/p>\n\n\n\n<p>Bu do\u011frultuda, odak grup temalar\u0131 6 ba\u015fl\u0131kta, \u00fc\u00e7 oturum \u015feklinde ilgili kurum\/kurulu\u015f ve ki\u015filerin kat\u0131l\u0131m\u0131 ile ger\u00e7ekle\u015ftirildi. \u00c7al\u0131\u015ftaya fak\u00fcltemizden Dr.\u00d6\u011fretim \u00dcyesi Ercan \u00d6l\u00e7er Ar-Ge, \u0130novasyon ve Teknoloji Transferi odak grubuna, Dr. \u00d6\u011fretim \u00dcyesi Mehmet Kara Dijital D\u00f6n\u00fc\u015f\u00fcm ve Ak\u0131ll\u0131 \u015eehircilik Uygulamalar\u0131 odak grubuna kat\u0131l\u0131m sa\u011flad\u0131.<\/p>\n","protected":false},"excerpt":{"rendered":"<p>Kentimizin giri\u015fimcilik ve inovasyon kapasitesini art\u0131rmak amac\u0131yla kurulmas\u0131 planlanan &#8220;Giri\u015fimcilik ve \u0130novasyon Merkezi&#8221; i\u00e7in kapsaml\u0131 bir fizibilite \u00e7al\u0131\u015fmas\u0131 y\u00fcr\u00fct\u00fclmesi amac\u0131yla 20 May\u0131s 2025 Sal\u0131 g\u00fcn\u00fc, 09.30 \u2013 17.00 saatleri aras\u0131nda Kocaeli Kongre Merkezi\u2019nde Giri\u015fimcilik ve \u0130novasyon \u00e7al\u0131\u015ftay\u0131 d\u00fczenlendi. Bu do\u011frultuda, &hellip; <\/p>\n","protected":false},"author":15,"featured_media":9840,"comment_status":"closed","ping_status":"closed","sticky":false,"template":"","format":"standard","meta":{"footnotes":""},"categories":[1],"tags":[],"_links":{"self":[{"href":"https:\/\/kocaelisaglik.edu.tr\/muhendislik\/wp-json\/wp\/v2\/posts\/9839"}],"collection":[{"href":"https:\/\/kocaelisaglik.edu.tr\/muhendislik\/wp-json\/wp\/v2\/posts"}],"about":[{"href":"https:\/\/kocaelisaglik.edu.tr\/muhendislik\/wp-json\/wp\/v2\/types\/post"}],"author":[{"embeddable":true,"href":"https:\/\/kocaelisaglik.edu.tr\/muhendislik\/wp-json\/wp\/v2\/users\/15"}],"replies":[{"embeddable":true,"href":"https:\/\/kocaelisaglik.edu.tr\/muhendislik\/wp-json\/wp\/v2\/comments?post=9839"}],"version-history":[{"count":1,"href":"https:\/\/kocaelisaglik.edu.tr\/muhendislik\/wp-json\/wp\/v2\/posts\/9839\/revisions"}],"predecessor-version":[{"id":9841,"href":"https:\/\/kocaelisaglik.edu.tr\/muhendislik\/wp-json\/wp\/v2\/posts\/9839\/revisions\/9841"}],"wp:featuredmedia":[{"embeddable":true,"href":"https:\/\/kocaelisaglik.edu.tr\/muhendislik\/wp-json\/wp\/v2\/media\/9840"}],"wp:attachment":[{"href":"https:\/\/kocaelisaglik.edu.tr\/muhendislik\/wp-json\/wp\/v2\/media?parent=9839"}],"wp:term":[{"taxonomy":"category","embeddable":true,"href":"https:\/\/kocaelisaglik.edu.tr\/muhendislik\/wp-json\/wp\/v2\/categories?post=9839"},{"taxonomy":"post_tag","embeddable":true,"href":"https:\/\/kocaelisaglik.edu.tr\/muhendislik\/wp-json\/wp\/v2\/tags?post=9839"}],"curies":[{"name":"wp","href":"https:\/\/api.w.org\/{rel}","templated":true}]}}