{"id":9713,"date":"2025-03-04T10:13:27","date_gmt":"2025-03-04T07:13:27","guid":{"rendered":"https:\/\/kocaelisaglik.edu.tr\/muhendislik\/?p=9713"},"modified":"2025-03-04T10:13:28","modified_gmt":"2025-03-04T07:13:28","slug":"muhendislik-ve-doga-bilimleri-fakultesi-ogrencilerinin-q-day-etkinligi","status":"publish","type":"post","link":"https:\/\/kocaelisaglik.edu.tr\/muhendislik\/duyurular\/muhendislik-ve-doga-bilimleri-fakultesi-ogrencilerinin-q-day-etkinligi\/","title":{"rendered":"M\u00fchendislik ve Do\u011fa Bilimleri Fak\u00fcltesi \u00d6\u011frencilerinin Q-Day Etkinli\u011fi"},"content":{"rendered":"\n<p>M\u00fchendislik ve Do\u011fa Bilimleri Fak\u00fcltesi \u00d6\u011frencilerinin Dikkatine!<\/p>\n\n\n\n<p>De\u011ferli \u00f6\u011frenciler,<\/p>\n\n\n\n<p>T\u00fcm akademik kadromuzun kat\u0131l\u0131m\u0131yla ger\u00e7ekle\u015fecek bilgilendirme etkinli\u011fine davetlisiniz!<\/p>\n\n\n\n<p>\ud83d\udcc5 Tarih: 6 Mart 2025, Per\u015fembe<br>\u23f0 Saat: 12:30 &#8211; 14:00<br>\ud83d\udccd Yer: Konferans Salonu<\/p>\n\n\n\n<p>Bu etkinlikte sizlere;<br>\u2705 Yaz staj\u0131 ve \u0130ME s\u00fcre\u00e7leri<br>\u2705 \u00d6nceki \u00f6\u011frenmeler ve ders ge\u00e7me ko\u015fullar\u0131<br>\u2705 Kul\u00fcp faaliyetleri<br>\u2705 Teknofest, T\u00fcbitak 2209 ve AR-GE projeleri kat\u0131l\u0131m ve avantajlar\u0131,<br>\u2705Huawei ICT Academy kay\u0131t ve ders alma imkan\u0131<br>\u2705B\u00fct\u00fcnle\u015fik Y\u00fcksek Lisans<br>\u2026 ve daha bir\u00e7ok konuda detayl\u0131 bilgi verilecek, sorular\u0131n\u0131z yan\u0131tlanacakt\u0131r.<\/p>\n\n\n\n<p>Kat\u0131l\u0131m zorunludur. T\u00fcm \u00f6\u011frencilerimizin etkinli\u011fe eksiksiz kat\u0131l\u0131m\u0131n\u0131 bekliyoruz.<\/p>\n","protected":false},"excerpt":{"rendered":"<p>M\u00fchendislik ve Do\u011fa Bilimleri Fak\u00fcltesi \u00d6\u011frencilerinin Dikkatine! De\u011ferli \u00f6\u011frenciler, T\u00fcm akademik kadromuzun kat\u0131l\u0131m\u0131yla ger\u00e7ekle\u015fecek bilgilendirme etkinli\u011fine davetlisiniz! \ud83d\udcc5 Tarih: 6 Mart 2025, Per\u015fembe\u23f0 Saat: 12:30 &#8211; 14:00\ud83d\udccd Yer: Konferans Salonu Bu etkinlikte sizlere;\u2705 Yaz staj\u0131 ve \u0130ME s\u00fcre\u00e7leri\u2705 \u00d6nceki \u00f6\u011frenmeler &hellip; <\/p>\n","protected":false},"author":15,"featured_media":9714,"comment_status":"closed","ping_status":"closed","sticky":false,"template":"","format":"standard","meta":{"footnotes":""},"categories":[55],"tags":[],"_links":{"self":[{"href":"https:\/\/kocaelisaglik.edu.tr\/muhendislik\/wp-json\/wp\/v2\/posts\/9713"}],"collection":[{"href":"https:\/\/kocaelisaglik.edu.tr\/muhendislik\/wp-json\/wp\/v2\/posts"}],"about":[{"href":"https:\/\/kocaelisaglik.edu.tr\/muhendislik\/wp-json\/wp\/v2\/types\/post"}],"author":[{"embeddable":true,"href":"https:\/\/kocaelisaglik.edu.tr\/muhendislik\/wp-json\/wp\/v2\/users\/15"}],"replies":[{"embeddable":true,"href":"https:\/\/kocaelisaglik.edu.tr\/muhendislik\/wp-json\/wp\/v2\/comments?post=9713"}],"version-history":[{"count":1,"href":"https:\/\/kocaelisaglik.edu.tr\/muhendislik\/wp-json\/wp\/v2\/posts\/9713\/revisions"}],"predecessor-version":[{"id":9715,"href":"https:\/\/kocaelisaglik.edu.tr\/muhendislik\/wp-json\/wp\/v2\/posts\/9713\/revisions\/9715"}],"wp:featuredmedia":[{"embeddable":true,"href":"https:\/\/kocaelisaglik.edu.tr\/muhendislik\/wp-json\/wp\/v2\/media\/9714"}],"wp:attachment":[{"href":"https:\/\/kocaelisaglik.edu.tr\/muhendislik\/wp-json\/wp\/v2\/media?parent=9713"}],"wp:term":[{"taxonomy":"category","embeddable":true,"href":"https:\/\/kocaelisaglik.edu.tr\/muhendislik\/wp-json\/wp\/v2\/categories?post=9713"},{"taxonomy":"post_tag","embeddable":true,"href":"https:\/\/kocaelisaglik.edu.tr\/muhendislik\/wp-json\/wp\/v2\/tags?post=9713"}],"curies":[{"name":"wp","href":"https:\/\/api.w.org\/{rel}","templated":true}]}}