{"id":8362,"date":"2026-04-24T13:30:02","date_gmt":"2026-04-24T10:30:02","guid":{"rendered":"https:\/\/kocaelisaglik.edu.tr\/eczacilik\/?p=8362"},"modified":"2026-04-27T14:20:36","modified_gmt":"2026-04-27T11:20:36","slug":"genc-ivek-kulubumuzun-koordinasyonunda-ozel-once-yasli-bakim-merkezini-ziyaret-ettik","status":"publish","type":"post","link":"https:\/\/kocaelisaglik.edu.tr\/eczacilik\/etkinlikler\/genc-ivek-kulubumuzun-koordinasyonunda-ozel-once-yasli-bakim-merkezini-ziyaret-ettik\/","title":{"rendered":"Gen\u00e7 \u0130VEK Kul\u00fcb\u00fcm\u00fcz\u00fcn Koordinasyonunda \u00d6zel \u00d6nce Ya\u015fl\u0131 Bak\u0131m Merkezini Ziyaret Ettik"},"content":{"rendered":"<p style=\"font-weight: 400;\">Kocaeli Sa\u011fl\u0131k ve Teknoloji \u00dcniversitesi \u00f6\u011frencileri taraf\u0131ndan 24 Nisan 2026 tarihinde ger\u00e7ekle\u015ftirilen huzurevi ziyareti, sosyal sorumluluk bilinciyle d\u00fczenlenen anlaml\u0131 bir etkinlik olarak dikkat \u00e7ekti. Gen\u00e7 \u0130VEK Kul\u00fcb\u00fc koordinasyonunda organize edilen ziyaret kapsam\u0131nda, \u00f6\u011frenciler \u00d6zel \u00d6nce Ya\u015fl\u0131 Bak\u0131m Merkezi sakinleriyle bir araya geldi.<\/p>\n<p style=\"font-weight: 400;\">Etkinlik s\u00fcresince \u00f6\u011frenciler, ya\u015fl\u0131 bireylerle sohbet ederek onlar\u0131n ya\u015fam deneyimlerini dinleme f\u0131rsat\u0131 buldu. Kat\u0131l\u0131mc\u0131lar, ge\u00e7mi\u015fe dair an\u0131lar\u0131n\u0131 payla\u015f\u0131rken, gen\u00e7lerle kurulan bu etkile\u015fim sayesinde samimi ve duygusal anlar ya\u015fand\u0131. Bunun yan\u0131 s\u0131ra, ger\u00e7ekle\u015ftirilen \u00e7e\u015fitli etkinlikler ve k\u00fc\u00e7\u00fck hediyelerle huzurevi sakinlerine keyifli bir g\u00fcn ya\u015fat\u0131lmas\u0131 hedeflendi.<\/p>\n<p style=\"font-weight: 400;\">Ziyaret, \u00f6\u011frencilerin toplumsal duyarl\u0131l\u0131klar\u0131n\u0131 geli\u015ftirmelerine katk\u0131 sa\u011flarken, ayn\u0131 zamanda empati ve ileti\u015fim becerilerinin g\u00fc\u00e7lenmesine de olanak tan\u0131d\u0131. Etkinlik, sosyal sorumluluk \u00e7al\u0131\u015fmalar\u0131n\u0131n \u00fcniversite ya\u015fam\u0131ndaki \u00f6nemini bir kez daha ortaya koydu.<\/p>\n<p style=\"font-weight: 400;\">Gen\u00e7 \u0130VEK Kul\u00fcb\u00fc olarak, farkl\u0131 b\u00f6l\u00fcmlerden \u00f6\u011frencileri bir araya getirerek toplumsal fayda odakl\u0131 projeler \u00fcretmeye ve sosyal sorumluluk bilincini yayg\u0131nla\u015ft\u0131rmaya devam etmekteyiz. \u00d6\u011frencilerimizin aktif kat\u0131l\u0131m\u0131yla hayata ge\u00e7irilen bu t\u00fcr etkinlikler, kul\u00fcb\u00fcm\u00fcz\u00fcn dayan\u0131\u015fma, g\u00f6n\u00fcll\u00fcl\u00fck ve fark\u0131ndal\u0131k temelli yakla\u015f\u0131m\u0131n\u0131 yans\u0131tmaktad\u0131r.<\/p>\n<p style=\"font-weight: 400;\">Bu anlaml\u0131 etkinli\u011fin ger\u00e7ekle\u015ftirilmesinde eme\u011fi ge\u00e7en t\u00fcm \u00f6\u011frencilere ve destek veren kurum yetkililerine te\u015fekk\u00fcr ederiz.<\/p>\n","protected":false},"excerpt":{"rendered":"<p>Kocaeli Sa\u011fl\u0131k ve Teknoloji \u00dcniversitesi \u00f6\u011frencileri taraf\u0131ndan 24 Nisan 2026 tarihinde ger\u00e7ekle\u015ftirilen huzurevi ziyareti, sosyal sorumluluk bilinciyle d\u00fczenlenen anlaml\u0131 bir etkinlik olarak dikkat \u00e7ekti. Gen\u00e7 \u0130VEK Kul\u00fcb\u00fc koordinasyonunda organize edilen ziyaret kapsam\u0131nda, \u00f6\u011frenciler \u00d6zel \u00d6nce Ya\u015fl\u0131 Bak\u0131m Merkezi sakinleriyle bir &hellip; <\/p>\n","protected":false},"author":12,"featured_media":8363,"comment_status":"closed","ping_status":"open","sticky":false,"template":"","format":"standard","meta":{"footnotes":""},"categories":[94],"tags":[],"_links":{"self":[{"href":"https:\/\/kocaelisaglik.edu.tr\/eczacilik\/wp-json\/wp\/v2\/posts\/8362"}],"collection":[{"href":"https:\/\/kocaelisaglik.edu.tr\/eczacilik\/wp-json\/wp\/v2\/posts"}],"about":[{"href":"https:\/\/kocaelisaglik.edu.tr\/eczacilik\/wp-json\/wp\/v2\/types\/post"}],"author":[{"embeddable":true,"href":"https:\/\/kocaelisaglik.edu.tr\/eczacilik\/wp-json\/wp\/v2\/users\/12"}],"replies":[{"embeddable":true,"href":"https:\/\/kocaelisaglik.edu.tr\/eczacilik\/wp-json\/wp\/v2\/comments?post=8362"}],"version-history":[{"count":1,"href":"https:\/\/kocaelisaglik.edu.tr\/eczacilik\/wp-json\/wp\/v2\/posts\/8362\/revisions"}],"predecessor-version":[{"id":8364,"href":"https:\/\/kocaelisaglik.edu.tr\/eczacilik\/wp-json\/wp\/v2\/posts\/8362\/revisions\/8364"}],"wp:featuredmedia":[{"embeddable":true,"href":"https:\/\/kocaelisaglik.edu.tr\/eczacilik\/wp-json\/wp\/v2\/media\/8363"}],"wp:attachment":[{"href":"https:\/\/kocaelisaglik.edu.tr\/eczacilik\/wp-json\/wp\/v2\/media?parent=8362"}],"wp:term":[{"taxonomy":"category","embeddable":true,"href":"https:\/\/kocaelisaglik.edu.tr\/eczacilik\/wp-json\/wp\/v2\/categories?post=8362"},{"taxonomy":"post_tag","embeddable":true,"href":"https:\/\/kocaelisaglik.edu.tr\/eczacilik\/wp-json\/wp\/v2\/tags?post=8362"}],"curies":[{"name":"wp","href":"https:\/\/api.w.org\/{rel}","templated":true}]}}