{"id":7776,"date":"2024-05-15T16:39:37","date_gmt":"2024-05-15T13:39:37","guid":{"rendered":"https:\/\/kocaelisaglik.edu.tr\/eczacilik\/?p=7776"},"modified":"2024-05-15T16:39:37","modified_gmt":"2024-05-15T13:39:37","slug":"ogrencilerimizin-beyaz-onluk-giyme-toreni-gerceklesti","status":"publish","type":"post","link":"https:\/\/kocaelisaglik.edu.tr\/eczacilik\/etkinlikler\/ogrencilerimizin-beyaz-onluk-giyme-toreni-gerceklesti\/","title":{"rendered":"\u00d6\u011frencilerimizin Beyaz \u00d6nl\u00fck Giyme T\u00f6reni Ger\u00e7ekle\u015fti"},"content":{"rendered":"<div class=\"wpb-content-wrapper\"><p>[vc_row][vc_column][vc_column_text]Bug\u00fcn Eczac\u0131l\u0131k Fak\u00fcltesi beyaz \u00f6nl\u00fck giyme t\u00f6renimizi ger\u00e7ekle\u015ftirdik. M\u00fctevelli Heyet Ba\u015fkan\u0131m\u0131z Dr. Talip EM\u0130RO\u011eLU, Rekt\u00f6r\u00fcm\u00fcz Prof. Dr. Muzaffer ELMAS, Adakent \u00dcniversitesi Rekt\u00f6r\u00fc Prof. Dr. Bilgin G\u0130RAY, Rekt\u00f6r Yard\u0131mc\u0131m\u0131z Prof. Dr. Firdevs KARAHAN, Prof. Dr. G\u00f6n\u00fcl \u015eAH\u0130N, Dekan Yard\u0131mc\u0131lar\u0131m\u0131z, \u00f6\u011fretim \u00fcyelerimiz ve k\u0131ymetli velilerimizin kat\u0131l\u0131m\u0131yla \u00f6\u011frencilerimiz mesle\u011fe ilk ad\u0131mlar\u0131n\u0131 att\u0131.<\/p>\n<p>Rekt\u00f6r\u00fcm\u00fcz Muzaffer ELMAS, \u00f6\u011frencilerimize mesleklerine olan adanm\u0131\u015fl\u0131klar\u0131n\u0131 ve gelece\u011fe olan g\u00fcvenlerini beyaz \u00f6nl\u00fckleriyle g\u00f6sterdikleri i\u00e7in tebriklerini iletti. Profesyonel kariyerlerinde ba\u015far\u0131lar ve sa\u011fl\u0131kl\u0131 bir gelecek diledi.<\/p>\n<p>Prof. Dr. G\u00f6n\u00fcl \u015eAH\u0130N ise \u00f6\u011frencilerimizi kutlayarak, onlar\u0131n gelece\u011fin sa\u011fl\u0131k sekt\u00f6r\u00fcn\u00fc \u015fekillendirecek \u00f6nemli akt\u00f6rler oldu\u011funu vurgulad\u0131. Eczac\u0131l\u0131k mesle\u011finin \u00f6nemini ve de\u011ferini her zaman hat\u0131rlayarak, \u00f6\u011frencilerimize ba\u015far\u0131lar\u0131n\u0131n devam\u0131n\u0131 diledi.<\/p>\n<p>T\u00fcm \u00f6\u011frencilerimizi kutluyor, ba\u015far\u0131lar diliyoruz.[\/vc_column_text][\/vc_column][\/vc_row][vc_row][vc_column width=&#8221;1\/6&#8243;][\/vc_column][vc_column width=&#8221;2\/3&#8243;][vc_gallery interval=&#8221;3&#8243; images=&#8221;7781,7782,7779,7777,7784,7778,7783,7780,7785,7788,7786,7787&#8243; img_size=&#8221;800&#215;533&#8243;][\/vc_column][vc_column width=&#8221;1\/6&#8243;][\/vc_column][\/vc_row]<\/p>\n<\/div>","protected":false},"excerpt":{"rendered":"<p>[vc_row][vc_column][vc_column_text]Bug\u00fcn Eczac\u0131l\u0131k Fak\u00fcltesi beyaz \u00f6nl\u00fck giyme t\u00f6renimizi ger\u00e7ekle\u015ftirdik. M\u00fctevelli Heyet Ba\u015fkan\u0131m\u0131z Dr. Talip EM\u0130RO\u011eLU, Rekt\u00f6r\u00fcm\u00fcz Prof. Dr. Muzaffer ELMAS, Adakent \u00dcniversitesi Rekt\u00f6r\u00fc Prof. Dr. Bilgin G\u0130RAY, Rekt\u00f6r Yard\u0131mc\u0131m\u0131z Prof. Dr. Firdevs KARAHAN, Prof. Dr. G\u00f6n\u00fcl \u015eAH\u0130N, Dekan Yard\u0131mc\u0131lar\u0131m\u0131z, \u00f6\u011fretim \u00fcyelerimiz &hellip; <\/p>\n","protected":false},"author":12,"featured_media":7788,"comment_status":"closed","ping_status":"open","sticky":false,"template":"","format":"standard","meta":{"footnotes":""},"categories":[94],"tags":[],"_links":{"self":[{"href":"https:\/\/kocaelisaglik.edu.tr\/eczacilik\/wp-json\/wp\/v2\/posts\/7776"}],"collection":[{"href":"https:\/\/kocaelisaglik.edu.tr\/eczacilik\/wp-json\/wp\/v2\/posts"}],"about":[{"href":"https:\/\/kocaelisaglik.edu.tr\/eczacilik\/wp-json\/wp\/v2\/types\/post"}],"author":[{"embeddable":true,"href":"https:\/\/kocaelisaglik.edu.tr\/eczacilik\/wp-json\/wp\/v2\/users\/12"}],"replies":[{"embeddable":true,"href":"https:\/\/kocaelisaglik.edu.tr\/eczacilik\/wp-json\/wp\/v2\/comments?post=7776"}],"version-history":[{"count":1,"href":"https:\/\/kocaelisaglik.edu.tr\/eczacilik\/wp-json\/wp\/v2\/posts\/7776\/revisions"}],"predecessor-version":[{"id":7789,"href":"https:\/\/kocaelisaglik.edu.tr\/eczacilik\/wp-json\/wp\/v2\/posts\/7776\/revisions\/7789"}],"wp:featuredmedia":[{"embeddable":true,"href":"https:\/\/kocaelisaglik.edu.tr\/eczacilik\/wp-json\/wp\/v2\/media\/7788"}],"wp:attachment":[{"href":"https:\/\/kocaelisaglik.edu.tr\/eczacilik\/wp-json\/wp\/v2\/media?parent=7776"}],"wp:term":[{"taxonomy":"category","embeddable":true,"href":"https:\/\/kocaelisaglik.edu.tr\/eczacilik\/wp-json\/wp\/v2\/categories?post=7776"},{"taxonomy":"post_tag","embeddable":true,"href":"https:\/\/kocaelisaglik.edu.tr\/eczacilik\/wp-json\/wp\/v2\/tags?post=7776"}],"curies":[{"name":"wp","href":"https:\/\/api.w.org\/{rel}","templated":true}]}}