{"id":7596,"date":"2023-06-01T16:16:21","date_gmt":"2023-06-01T13:16:21","guid":{"rendered":"https:\/\/kocaelisaglik.edu.tr\/eczacilik\/?p=7596"},"modified":"2023-06-01T16:16:21","modified_gmt":"2023-06-01T13:16:21","slug":"fakultemiz-nobel-ilaci-ziyaret-etti","status":"publish","type":"post","link":"https:\/\/kocaelisaglik.edu.tr\/eczacilik\/etkinlikler\/fakultemiz-nobel-ilaci-ziyaret-etti\/","title":{"rendered":"Fak\u00fcltemiz Nobel \u0130la\u00e7&#8217;\u0131 Ziyaret Etti"},"content":{"rendered":"<div class=\"wpb-content-wrapper\"><p>[vc_row][vc_column][vc_column_text]Eczac\u0131l\u0131k Fak\u00fcltesi Dekan\u0131m\u0131z Prof. Dr. \u015eeref Demirayak, Dekan Yard\u0131mc\u0131m\u0131z Dr. \u00d6\u011fr. \u00dcyesi Sara Pour, \u00d6\u011fretim \u00dcyelerimiz ve \u00f6\u011frencilerimiz uygulamal\u0131 e\u011fitim kapsam\u0131nda Nobel \u0130la\u00e7&#8217;\u0131n D\u00fczce&#8217;de bulunan \u00fcretim tesisini ziyaret etti.<\/p>\n<p>Katk\u0131lar\u0131ndan dolay\u0131 Eczac\u0131l\u0131k Kul\u00fcb\u00fcm\u00fcze te\u015fekk\u00fcr ederiz.[\/vc_column_text][\/vc_column][\/vc_row][vc_row][vc_column width=&#8221;1\/6&#8243;][\/vc_column][vc_column width=&#8221;2\/3&#8243;][vc_gallery interval=&#8221;3&#8243; images=&#8221;7597,7599,7598,7600&#8243; img_size=&#8221;full&#8221;][\/vc_column][vc_column width=&#8221;1\/6&#8243;][\/vc_column][\/vc_row]<\/p>\n<\/div>","protected":false},"excerpt":{"rendered":"<p>[vc_row][vc_column][vc_column_text]Eczac\u0131l\u0131k Fak\u00fcltesi Dekan\u0131m\u0131z Prof. Dr. \u015eeref Demirayak, Dekan Yard\u0131mc\u0131m\u0131z Dr. \u00d6\u011fr. \u00dcyesi Sara Pour, \u00d6\u011fretim \u00dcyelerimiz ve \u00f6\u011frencilerimiz uygulamal\u0131 e\u011fitim kapsam\u0131nda Nobel \u0130la\u00e7&#8217;\u0131n D\u00fczce&#8217;de bulunan \u00fcretim tesisini ziyaret etti. Katk\u0131lar\u0131ndan dolay\u0131 Eczac\u0131l\u0131k Kul\u00fcb\u00fcm\u00fcze te\u015fekk\u00fcr ederiz.[\/vc_column_text][\/vc_column][\/vc_row][vc_row][vc_column width=&#8221;1\/6&#8243;][\/vc_column][vc_column width=&#8221;2\/3&#8243;][vc_gallery interval=&#8221;3&#8243; images=&#8221;7597,7599,7598,7600&#8243; img_size=&#8221;full&#8221;][\/vc_column][vc_column &hellip; <\/p>\n","protected":false},"author":12,"featured_media":7597,"comment_status":"open","ping_status":"open","sticky":false,"template":"","format":"standard","meta":{"footnotes":""},"categories":[94],"tags":[],"_links":{"self":[{"href":"https:\/\/kocaelisaglik.edu.tr\/eczacilik\/wp-json\/wp\/v2\/posts\/7596"}],"collection":[{"href":"https:\/\/kocaelisaglik.edu.tr\/eczacilik\/wp-json\/wp\/v2\/posts"}],"about":[{"href":"https:\/\/kocaelisaglik.edu.tr\/eczacilik\/wp-json\/wp\/v2\/types\/post"}],"author":[{"embeddable":true,"href":"https:\/\/kocaelisaglik.edu.tr\/eczacilik\/wp-json\/wp\/v2\/users\/12"}],"replies":[{"embeddable":true,"href":"https:\/\/kocaelisaglik.edu.tr\/eczacilik\/wp-json\/wp\/v2\/comments?post=7596"}],"version-history":[{"count":1,"href":"https:\/\/kocaelisaglik.edu.tr\/eczacilik\/wp-json\/wp\/v2\/posts\/7596\/revisions"}],"predecessor-version":[{"id":7601,"href":"https:\/\/kocaelisaglik.edu.tr\/eczacilik\/wp-json\/wp\/v2\/posts\/7596\/revisions\/7601"}],"wp:featuredmedia":[{"embeddable":true,"href":"https:\/\/kocaelisaglik.edu.tr\/eczacilik\/wp-json\/wp\/v2\/media\/7597"}],"wp:attachment":[{"href":"https:\/\/kocaelisaglik.edu.tr\/eczacilik\/wp-json\/wp\/v2\/media?parent=7596"}],"wp:term":[{"taxonomy":"category","embeddable":true,"href":"https:\/\/kocaelisaglik.edu.tr\/eczacilik\/wp-json\/wp\/v2\/categories?post=7596"},{"taxonomy":"post_tag","embeddable":true,"href":"https:\/\/kocaelisaglik.edu.tr\/eczacilik\/wp-json\/wp\/v2\/tags?post=7596"}],"curies":[{"name":"wp","href":"https:\/\/api.w.org\/{rel}","templated":true}]}}